{"id":156897,"date":"2021-11-22T19:03:30","date_gmt":"2021-11-22T18:03:30","guid":{"rendered":"https:\/\/focolaremalta.org\/?p=156897"},"modified":"2021-11-22T20:07:08","modified_gmt":"2021-11-22T19:07:08","slug":"nghixu-l-vangelu-henjin-dawk-li-jgibu-l-paci","status":"publish","type":"post","link":"https:\/\/focolaremalta.org\/en\/nghixu-l-vangelu-henjin-dawk-li-jgibu-l-paci\/","title":{"rendered":"Living the Gospel: \u201cBlessed are the peacemakers&#8221;"},"content":{"rendered":"<p><em>Building peace is like being on a construction site, where there is always work to be done, and\u00a0 we are all called to \u201cdo\u201d our part. Peace is not just the absence of war or an abstract concept; it is something we build together, facing all difficulties and starting from our own small surroundings.<\/em><\/p>\n<p><strong>Another Rob<\/strong><br \/>\nRob left home after an argument between us that seemed to be the end of our marriage. Two years\u00a0 passed since he left and I had \u00a0no news of him. I only got to know from his parents that he was auditioning for films and that he started to get involved in the film industry. When he came back from Italy, disappointed and penniless, he looked like a whipped dog. He cried and \u00a0asked me to forgive him. The man I had loved, esteemed and chosen as my life companion now seemed a stranger, a failure. Where has all his pride gone? And the beauty that was his pride? As with regards to me, \u00a0during the time my husband was away, \u00a0I came closer to\u00a0 faith and started basing my life on values I had neglected. When he came back, I felt as if \u00a0God was testing my faith, but I managed to feel even stronger. Now he too has found a new peace, and \u00a0together we are discovering a new way of life.\u00a0 I feel as if I am beginning to know another Rob.<br \/>\n(R. H. \u2013 Switzerland)<\/p>\n<p><strong>Building unity<\/strong><br \/>\nDuring a telematic working meeting, there were members from different countries in my group. After various presentations, someone imprudently ventured to define others politically,\u00a0 with overtones of nationalism and fascism. The tension that arose eventually degenerated into an outrageous exchange of words. As a journalist who had travelled extensively and also studied the history of the countries in question, my opinion was quite different from those who relied on hearsay and media reports. That day\u2019s session was a real failure. The next day, preparing for another working group, I made it a point of highlighting in each participant only those elements that build and not those that divide. Things turned out to be quite different, so much so that when it was my turn to intervene, everyone felt valued. Hence a reflection: even just by only keeping silent, one can become either an accomplice to disintegration or a constructive and unifying element. It costs dearly to realise Jesus\u2019 dream \u201cThat all may be one\u201d.<br \/>\n(G.M. \u2013 Hungary)<\/p>\n<p><strong>In silence<\/strong><br \/>\nAt hospital, I had to do night shift work with another doctor. He was not a practising Christian, and seeing that I attended mass almost every day, very often he made fun of me. Our shift lasted all night, but he would leave at the end of the evening, and this meant a lot of more work for me. In spite of this, I tried to keep an open attitude towards him, without judgement, for a month, two months\u2026. One day he expressed the desire to join me for Mass\u00a0 (\u201cDuring these months, I have learned many things from the way you love in silence\u201d). Since then, he does not only see to \u00a0his duties fully but he also sees that I do not overtire myself during the night.<br \/>\n(Bashar \u2013 Iraq)<\/p>\n<p><em>Edited by Maria Grazia Berretta<\/em><\/p>\n<p>(from \u00a0<em>Il Vangelo del Giorno, Citt\u00e0 Nuova, <\/em>year VII, n.4, November\u2013December 2021)<\/p>\n<\/div>\n<p><\/p>","protected":false},"excerpt":{"rendered":"<p>Building peace is like being on a construction site, where there is always work to be done, and\u00a0 we are all called to \u201cdo\u201d our part. Peace is not just the absence of war or an abstract concept; it is something we build together, facing all difficulties and starting from our own small surroundings.<\/p>\n","protected":false},"author":2,"featured_media":156902,"comment_status":"open","ping_status":"open","sticky":false,"template":"template-full.php","format":"standard","meta":{"footnotes":""},"categories":[5],"tags":[],"class_list":["post-156897","post","type-post","status-publish","format-standard","has-post-thumbnail","hentry","category-esperjenzi"],"yoast_head":"<!-- This site is optimized with the Yoast SEO plugin v27.4 - https:\/\/yoast.com\/product\/yoast-seo-wordpress\/ -->\n<title>Living the Gospel: \u201cBlessed are the peacemakers&quot; - Focolare Movement<\/title>\n<meta name=\"robots\" content=\"index, follow, max-snippet:-1, max-image-preview:large, max-video-preview:-1\" \/>\n<link rel=\"canonical\" href=\"https:\/\/focolaremalta.org\/nghixu-l-vangelu-henjin-dawk-li-jgibu-l-paci\/\" \/>\n<meta property=\"og:locale\" content=\"en_US\" \/>\n<meta property=\"og:type\" content=\"article\" \/>\n<meta property=\"og:title\" content=\"[:mt]Ng\u0127ixu l-Van\u0121elu: &quot;Henjin dawk li j\u0121ibu l-pa\u010bi&quot;[:en]Living the Gospel: \u201cBlessed are the peacemakers&quot;[:] - Focolare Movement\" \/>\n<meta property=\"og:description\" content=\"[:mt]Il-pa\u010bi mhijiex biss nuqqas ta\u2019 gwerra jew xi kun\u010bett\u00a0 astratt; il-pa\u010bi hi xi \u0127a\u0121a li rridu nibnuha flimkien waqt li naffrontaw is-sitwazzjonijiet diffi\u010bli li niltaqg\u0127u mag\u0127hom u\u00a0 nibdew a\u0127na \u00a0stess mill-ambjent li ng\u0127ixu fih.[:en]Building peace is like being on a construction site, where there is always work to be done, and\u00a0 we are all called to \u201cdo\u201d our part. Peace is not just the absence of war or an abstract concept; it is something we build together, facing all difficulties and starting from our own small surroundings.[:]\" \/>\n<meta property=\"og:url\" content=\"https:\/\/focolaremalta.org\/nghixu-l-vangelu-henjin-dawk-li-jgibu-l-paci\/\" \/>\n<meta property=\"og:site_name\" content=\"Focolare Movement\" \/>\n<meta property=\"article:publisher\" content=\"https:\/\/www.facebook.com\/focolaremalta\/\" \/>\n<meta property=\"article:published_time\" content=\"2021-11-22T18:03:30+00:00\" \/>\n<meta property=\"article:modified_time\" content=\"2021-11-22T19:07:08+00:00\" \/>\n<meta property=\"og:image\" content=\"https:\/\/focolaremalta.org\/wp-content\/uploads\/2021\/11\/BuildingBlocks.jpg\" \/>\n\t<meta property=\"og:image:width\" content=\"400\" \/>\n\t<meta property=\"og:image:height\" content=\"267\" \/>\n\t<meta property=\"og:image:type\" content=\"image\/jpeg\" \/>\n<meta name=\"author\" content=\"Website Editor\" \/>\n<meta name=\"twitter:card\" content=\"summary_large_image\" \/>\n<meta name=\"twitter:label1\" content=\"Written by\" \/>\n\t<meta name=\"twitter:data1\" content=\"Website Editor\" \/>\n\t<meta name=\"twitter:label2\" content=\"Est. reading time\" \/>\n\t<meta name=\"twitter:data2\" content=\"3 minutes\" \/>\n<script type=\"application\/ld+json\" class=\"yoast-schema-graph\">{\"@context\":\"https:\\\/\\\/schema.org\",\"@graph\":[{\"@type\":[\"Article\",\"BlogPosting\"],\"@id\":\"https:\\\/\\\/focolaremalta.org\\\/nghixu-l-vangelu-henjin-dawk-li-jgibu-l-paci\\\/#article\",\"isPartOf\":{\"@id\":\"https:\\\/\\\/focolaremalta.org\\\/nghixu-l-vangelu-henjin-dawk-li-jgibu-l-paci\\\/\"},\"author\":{\"name\":\"Website Editor\",\"@id\":\"https:\\\/\\\/focolaremalta.org\\\/#\\\/schema\\\/person\\\/242808adc6f36906557ad819553e0a3f\"},\"headline\":\"Living the Gospel: \u201cBlessed are the peacemakers&#8221;\",\"datePublished\":\"2021-11-22T18:03:30+00:00\",\"dateModified\":\"2021-11-22T19:07:08+00:00\",\"mainEntityOfPage\":{\"@id\":\"https:\\\/\\\/focolaremalta.org\\\/nghixu-l-vangelu-henjin-dawk-li-jgibu-l-paci\\\/\"},\"wordCount\":1185,\"commentCount\":1,\"publisher\":{\"@id\":\"https:\\\/\\\/focolaremalta.org\\\/#organization\"},\"image\":{\"@id\":\"https:\\\/\\\/focolaremalta.org\\\/nghixu-l-vangelu-henjin-dawk-li-jgibu-l-paci\\\/#primaryimage\"},\"thumbnailUrl\":\"https:\\\/\\\/focolaremalta.org\\\/wp-content\\\/uploads\\\/2021\\\/11\\\/BuildingBlocks.jpg\",\"articleSection\":[\"Experiences\"],\"inLanguage\":\"en-US\",\"potentialAction\":[{\"@type\":\"CommentAction\",\"name\":\"Comment\",\"target\":[\"https:\\\/\\\/focolaremalta.org\\\/nghixu-l-vangelu-henjin-dawk-li-jgibu-l-paci\\\/#respond\"]}]},{\"@type\":\"WebPage\",\"@id\":\"https:\\\/\\\/focolaremalta.org\\\/nghixu-l-vangelu-henjin-dawk-li-jgibu-l-paci\\\/\",\"url\":\"https:\\\/\\\/focolaremalta.org\\\/nghixu-l-vangelu-henjin-dawk-li-jgibu-l-paci\\\/\",\"name\":\"[:mt]Ng\u0127ixu l-Van\u0121elu: \\\"Henjin dawk li j\u0121ibu l-pa\u010bi\\\"[:en]Living the Gospel: \u201cBlessed are the peacemakers\\\"[:] - Focolare Movement\",\"isPartOf\":{\"@id\":\"https:\\\/\\\/focolaremalta.org\\\/#website\"},\"primaryImageOfPage\":{\"@id\":\"https:\\\/\\\/focolaremalta.org\\\/nghixu-l-vangelu-henjin-dawk-li-jgibu-l-paci\\\/#primaryimage\"},\"image\":{\"@id\":\"https:\\\/\\\/focolaremalta.org\\\/nghixu-l-vangelu-henjin-dawk-li-jgibu-l-paci\\\/#primaryimage\"},\"thumbnailUrl\":\"https:\\\/\\\/focolaremalta.org\\\/wp-content\\\/uploads\\\/2021\\\/11\\\/BuildingBlocks.jpg\",\"datePublished\":\"2021-11-22T18:03:30+00:00\",\"dateModified\":\"2021-11-22T19:07:08+00:00\",\"breadcrumb\":{\"@id\":\"https:\\\/\\\/focolaremalta.org\\\/nghixu-l-vangelu-henjin-dawk-li-jgibu-l-paci\\\/#breadcrumb\"},\"inLanguage\":\"en-US\",\"potentialAction\":[{\"@type\":\"ReadAction\",\"target\":[\"https:\\\/\\\/focolaremalta.org\\\/nghixu-l-vangelu-henjin-dawk-li-jgibu-l-paci\\\/\"]}]},{\"@type\":\"ImageObject\",\"inLanguage\":\"en-US\",\"@id\":\"https:\\\/\\\/focolaremalta.org\\\/nghixu-l-vangelu-henjin-dawk-li-jgibu-l-paci\\\/#primaryimage\",\"url\":\"https:\\\/\\\/focolaremalta.org\\\/wp-content\\\/uploads\\\/2021\\\/11\\\/BuildingBlocks.jpg\",\"contentUrl\":\"https:\\\/\\\/focolaremalta.org\\\/wp-content\\\/uploads\\\/2021\\\/11\\\/BuildingBlocks.jpg\",\"width\":400,\"height\":267},{\"@type\":\"BreadcrumbList\",\"@id\":\"https:\\\/\\\/focolaremalta.org\\\/nghixu-l-vangelu-henjin-dawk-li-jgibu-l-paci\\\/#breadcrumb\",\"itemListElement\":[{\"@type\":\"ListItem\",\"position\":1,\"name\":\"Home\",\"item\":\"https:\\\/\\\/focolaremalta.org\\\/\"},{\"@type\":\"ListItem\",\"position\":2,\"name\":\"Ng\u0127ixu l-Van\u0121elu: &#8220;Henjin dawk li j\u0121ibu l-pa\u010bi&#8221;\"}]},{\"@type\":\"WebSite\",\"@id\":\"https:\\\/\\\/focolaremalta.org\\\/#website\",\"url\":\"https:\\\/\\\/focolaremalta.org\\\/\",\"name\":\"Moviment tal-Fokolari\",\"description\":\"\",\"publisher\":{\"@id\":\"https:\\\/\\\/focolaremalta.org\\\/#organization\"},\"potentialAction\":[{\"@type\":\"SearchAction\",\"target\":{\"@type\":\"EntryPoint\",\"urlTemplate\":\"https:\\\/\\\/focolaremalta.org\\\/?s={search_term_string}\"},\"query-input\":{\"@type\":\"PropertyValueSpecification\",\"valueRequired\":true,\"valueName\":\"search_term_string\"}}],\"inLanguage\":\"en-US\"},{\"@type\":\"Organization\",\"@id\":\"https:\\\/\\\/focolaremalta.org\\\/#organization\",\"name\":\"Focolare Movement Malta\",\"url\":\"https:\\\/\\\/focolaremalta.org\\\/\",\"logo\":{\"@type\":\"ImageObject\",\"inLanguage\":\"en-US\",\"@id\":\"https:\\\/\\\/focolaremalta.org\\\/#\\\/schema\\\/logo\\\/image\\\/\",\"url\":\"https:\\\/\\\/focolaremalta.org\\\/wp-content\\\/uploads\\\/2022\\\/11\\\/cropped-FocolareMalta_logo_c.png\",\"contentUrl\":\"https:\\\/\\\/focolaremalta.org\\\/wp-content\\\/uploads\\\/2022\\\/11\\\/cropped-FocolareMalta_logo_c.png\",\"width\":266,\"height\":200,\"caption\":\"Focolare Movement Malta\"},\"image\":{\"@id\":\"https:\\\/\\\/focolaremalta.org\\\/#\\\/schema\\\/logo\\\/image\\\/\"},\"sameAs\":[\"https:\\\/\\\/www.facebook.com\\\/focolaremalta\\\/\"]},{\"@type\":\"Person\",\"@id\":\"https:\\\/\\\/focolaremalta.org\\\/#\\\/schema\\\/person\\\/242808adc6f36906557ad819553e0a3f\",\"name\":\"Website Editor\",\"image\":{\"@type\":\"ImageObject\",\"inLanguage\":\"en-US\",\"@id\":\"https:\\\/\\\/secure.gravatar.com\\\/avatar\\\/de6beef1e3091882b63ee0f05f6f74a118b39990b540cb07ab6fea85bcfa0d39?s=96&d=blank&r=g\",\"url\":\"https:\\\/\\\/secure.gravatar.com\\\/avatar\\\/de6beef1e3091882b63ee0f05f6f74a118b39990b540cb07ab6fea85bcfa0d39?s=96&d=blank&r=g\",\"contentUrl\":\"https:\\\/\\\/secure.gravatar.com\\\/avatar\\\/de6beef1e3091882b63ee0f05f6f74a118b39990b540cb07ab6fea85bcfa0d39?s=96&d=blank&r=g\",\"caption\":\"Website Editor\"}}]}<\/script>\n<!-- \/ Yoast SEO plugin. -->","yoast_head_json":{"title":"[:mt]Ng\u0127ixu l-Van\u0121elu: \"Henjin dawk li j\u0121ibu l-pa\u010bi\"[:en]Living the Gospel: \u201cBlessed are the peacemakers\"[:] - Focolare Movement","robots":{"index":"index","follow":"follow","max-snippet":"max-snippet:-1","max-image-preview":"max-image-preview:large","max-video-preview":"max-video-preview:-1"},"canonical":"https:\/\/focolaremalta.org\/nghixu-l-vangelu-henjin-dawk-li-jgibu-l-paci\/","og_locale":"en_US","og_type":"article","og_title":"[:mt]Ng\u0127ixu l-Van\u0121elu: \"Henjin dawk li j\u0121ibu l-pa\u010bi\"[:en]Living the Gospel: \u201cBlessed are the peacemakers\"[:] - Focolare Movement","og_description":"[:mt]Il-pa\u010bi mhijiex biss nuqqas ta\u2019 gwerra jew xi kun\u010bett\u00a0 astratt; il-pa\u010bi hi xi \u0127a\u0121a li rridu nibnuha flimkien waqt li naffrontaw is-sitwazzjonijiet diffi\u010bli li niltaqg\u0127u mag\u0127hom u\u00a0 nibdew a\u0127na \u00a0stess mill-ambjent li ng\u0127ixu fih.[:en]Building peace is like being on a construction site, where there is always work to be done, and\u00a0 we are all called to \u201cdo\u201d our part. Peace is not just the absence of war or an abstract concept; it is something we build together, facing all difficulties and starting from our own small surroundings.[:]","og_url":"https:\/\/focolaremalta.org\/nghixu-l-vangelu-henjin-dawk-li-jgibu-l-paci\/","og_site_name":"Focolare Movement","article_publisher":"https:\/\/www.facebook.com\/focolaremalta\/","article_published_time":"2021-11-22T18:03:30+00:00","article_modified_time":"2021-11-22T19:07:08+00:00","og_image":[{"width":400,"height":267,"url":"https:\/\/focolaremalta.org\/wp-content\/uploads\/2021\/11\/BuildingBlocks.jpg","type":"image\/jpeg"}],"author":"Website Editor","twitter_card":"summary_large_image","twitter_misc":{"Written by":"Website Editor","Est. reading time":"3 minutes"},"schema":{"@context":"https:\/\/schema.org","@graph":[{"@type":["Article","BlogPosting"],"@id":"https:\/\/focolaremalta.org\/nghixu-l-vangelu-henjin-dawk-li-jgibu-l-paci\/#article","isPartOf":{"@id":"https:\/\/focolaremalta.org\/nghixu-l-vangelu-henjin-dawk-li-jgibu-l-paci\/"},"author":{"name":"Website Editor","@id":"https:\/\/focolaremalta.org\/#\/schema\/person\/242808adc6f36906557ad819553e0a3f"},"headline":"Living the Gospel: \u201cBlessed are the peacemakers&#8221;","datePublished":"2021-11-22T18:03:30+00:00","dateModified":"2021-11-22T19:07:08+00:00","mainEntityOfPage":{"@id":"https:\/\/focolaremalta.org\/nghixu-l-vangelu-henjin-dawk-li-jgibu-l-paci\/"},"wordCount":1185,"commentCount":1,"publisher":{"@id":"https:\/\/focolaremalta.org\/#organization"},"image":{"@id":"https:\/\/focolaremalta.org\/nghixu-l-vangelu-henjin-dawk-li-jgibu-l-paci\/#primaryimage"},"thumbnailUrl":"https:\/\/focolaremalta.org\/wp-content\/uploads\/2021\/11\/BuildingBlocks.jpg","articleSection":["Experiences"],"inLanguage":"en-US","potentialAction":[{"@type":"CommentAction","name":"Comment","target":["https:\/\/focolaremalta.org\/nghixu-l-vangelu-henjin-dawk-li-jgibu-l-paci\/#respond"]}]},{"@type":"WebPage","@id":"https:\/\/focolaremalta.org\/nghixu-l-vangelu-henjin-dawk-li-jgibu-l-paci\/","url":"https:\/\/focolaremalta.org\/nghixu-l-vangelu-henjin-dawk-li-jgibu-l-paci\/","name":"[:mt]Ng\u0127ixu l-Van\u0121elu: \"Henjin dawk li j\u0121ibu l-pa\u010bi\"[:en]Living the Gospel: \u201cBlessed are the peacemakers\"[:] - Focolare Movement","isPartOf":{"@id":"https:\/\/focolaremalta.org\/#website"},"primaryImageOfPage":{"@id":"https:\/\/focolaremalta.org\/nghixu-l-vangelu-henjin-dawk-li-jgibu-l-paci\/#primaryimage"},"image":{"@id":"https:\/\/focolaremalta.org\/nghixu-l-vangelu-henjin-dawk-li-jgibu-l-paci\/#primaryimage"},"thumbnailUrl":"https:\/\/focolaremalta.org\/wp-content\/uploads\/2021\/11\/BuildingBlocks.jpg","datePublished":"2021-11-22T18:03:30+00:00","dateModified":"2021-11-22T19:07:08+00:00","breadcrumb":{"@id":"https:\/\/focolaremalta.org\/nghixu-l-vangelu-henjin-dawk-li-jgibu-l-paci\/#breadcrumb"},"inLanguage":"en-US","potentialAction":[{"@type":"ReadAction","target":["https:\/\/focolaremalta.org\/nghixu-l-vangelu-henjin-dawk-li-jgibu-l-paci\/"]}]},{"@type":"ImageObject","inLanguage":"en-US","@id":"https:\/\/focolaremalta.org\/nghixu-l-vangelu-henjin-dawk-li-jgibu-l-paci\/#primaryimage","url":"https:\/\/focolaremalta.org\/wp-content\/uploads\/2021\/11\/BuildingBlocks.jpg","contentUrl":"https:\/\/focolaremalta.org\/wp-content\/uploads\/2021\/11\/BuildingBlocks.jpg","width":400,"height":267},{"@type":"BreadcrumbList","@id":"https:\/\/focolaremalta.org\/nghixu-l-vangelu-henjin-dawk-li-jgibu-l-paci\/#breadcrumb","itemListElement":[{"@type":"ListItem","position":1,"name":"Home","item":"https:\/\/focolaremalta.org\/"},{"@type":"ListItem","position":2,"name":"Ng\u0127ixu l-Van\u0121elu: &#8220;Henjin dawk li j\u0121ibu l-pa\u010bi&#8221;"}]},{"@type":"WebSite","@id":"https:\/\/focolaremalta.org\/#website","url":"https:\/\/focolaremalta.org\/","name":"Moviment tal-Fokolari","description":"","publisher":{"@id":"https:\/\/focolaremalta.org\/#organization"},"potentialAction":[{"@type":"SearchAction","target":{"@type":"EntryPoint","urlTemplate":"https:\/\/focolaremalta.org\/?s={search_term_string}"},"query-input":{"@type":"PropertyValueSpecification","valueRequired":true,"valueName":"search_term_string"}}],"inLanguage":"en-US"},{"@type":"Organization","@id":"https:\/\/focolaremalta.org\/#organization","name":"Focolare Movement Malta","url":"https:\/\/focolaremalta.org\/","logo":{"@type":"ImageObject","inLanguage":"en-US","@id":"https:\/\/focolaremalta.org\/#\/schema\/logo\/image\/","url":"https:\/\/focolaremalta.org\/wp-content\/uploads\/2022\/11\/cropped-FocolareMalta_logo_c.png","contentUrl":"https:\/\/focolaremalta.org\/wp-content\/uploads\/2022\/11\/cropped-FocolareMalta_logo_c.png","width":266,"height":200,"caption":"Focolare Movement Malta"},"image":{"@id":"https:\/\/focolaremalta.org\/#\/schema\/logo\/image\/"},"sameAs":["https:\/\/www.facebook.com\/focolaremalta\/"]},{"@type":"Person","@id":"https:\/\/focolaremalta.org\/#\/schema\/person\/242808adc6f36906557ad819553e0a3f","name":"Website Editor","image":{"@type":"ImageObject","inLanguage":"en-US","@id":"https:\/\/secure.gravatar.com\/avatar\/de6beef1e3091882b63ee0f05f6f74a118b39990b540cb07ab6fea85bcfa0d39?s=96&d=blank&r=g","url":"https:\/\/secure.gravatar.com\/avatar\/de6beef1e3091882b63ee0f05f6f74a118b39990b540cb07ab6fea85bcfa0d39?s=96&d=blank&r=g","contentUrl":"https:\/\/secure.gravatar.com\/avatar\/de6beef1e3091882b63ee0f05f6f74a118b39990b540cb07ab6fea85bcfa0d39?s=96&d=blank&r=g","caption":"Website Editor"}}]}},"_links":{"self":[{"href":"https:\/\/focolaremalta.org\/en\/wp-json\/wp\/v2\/posts\/156897","targetHints":{"allow":["GET"]}}],"collection":[{"href":"https:\/\/focolaremalta.org\/en\/wp-json\/wp\/v2\/posts"}],"about":[{"href":"https:\/\/focolaremalta.org\/en\/wp-json\/wp\/v2\/types\/post"}],"author":[{"embeddable":true,"href":"https:\/\/focolaremalta.org\/en\/wp-json\/wp\/v2\/users\/2"}],"replies":[{"embeddable":true,"href":"https:\/\/focolaremalta.org\/en\/wp-json\/wp\/v2\/comments?post=156897"}],"version-history":[{"count":4,"href":"https:\/\/focolaremalta.org\/en\/wp-json\/wp\/v2\/posts\/156897\/revisions"}],"predecessor-version":[{"id":156903,"href":"https:\/\/focolaremalta.org\/en\/wp-json\/wp\/v2\/posts\/156897\/revisions\/156903"}],"wp:featuredmedia":[{"embeddable":true,"href":"https:\/\/focolaremalta.org\/en\/wp-json\/wp\/v2\/media\/156902"}],"wp:attachment":[{"href":"https:\/\/focolaremalta.org\/en\/wp-json\/wp\/v2\/media?parent=156897"}],"wp:term":[{"taxonomy":"category","embeddable":true,"href":"https:\/\/focolaremalta.org\/en\/wp-json\/wp\/v2\/categories?post=156897"},{"taxonomy":"post_tag","embeddable":true,"href":"https:\/\/focolaremalta.org\/en\/wp-json\/wp\/v2\/tags?post=156897"}],"curies":[{"name":"wp","href":"https:\/\/api.w.org\/{rel}","templated":true}]}}