{"id":159795,"date":"2025-03-31T17:35:11","date_gmt":"2025-03-31T15:35:11","guid":{"rendered":"https:\/\/focolaremalta.org\/?p=159795"},"modified":"2025-05-03T22:30:20","modified_gmt":"2025-05-03T20:30:20","slug":"kelma-tal-hajja-ta-april-2025","status":"publish","type":"post","link":"https:\/\/focolaremalta.org\/en\/kelma-tal-hajja-ta-april-2025\/","title":{"rendered":"April 2025 Word of Life"},"content":{"rendered":"<p><\/p>\n<div class=\"entry-content\">\n<p style=\"text-align: center;\"><strong><a href=\"https:\/\/gen4.focolare.org\/en\/word-of-life-2\/\" target=\"_blank\" rel=\"noopener\">Illustrated Word of Life for ages 4-8<\/a><\/strong><strong> | <a href=\"http:\/\/Apr25 wol ENpw.pg\">Print<\/a> | <a href=\"https:\/\/soundcloud.com\/user-63571203\/april-word-of-life?utm_source=clipboard&amp;utm_medium=text&amp;utm_campaign=social_sharing&amp;si=873cab894905413fb4baf3ab01eea106\">Audio<\/a><\/strong><\/p>\n<hr \/>\n<h4 style=\"text-align: center;\">&#8220;See, I am doing a new thing! Now it springs up; do you not perceive it?&#8221; (Is.43:19).<\/h4>\n<p>The exile in Babylon and the destruction of the temple in Jerusalem created a collective trauma for the people of Israel\u00a0 and gave rise to a theological question: they asked themselves, \u2018Is God still with us or has he abandoned us?\u2019 This month\u2019s Word of Life is taken from the part of the book of Isaiah that endeavoured to help the people understand that God was still at work. They could trust him and would, eventually, be able to return to their homeland. In fact, the face of God the creator and saviour is clearly revealed\u00a0 during this experience of exile.<\/p>\n<p style=\"text-align: center;\"><strong>&#8220;See, I am doing a new thing! Now it springs up; do you not perceive it?&#8221;<\/strong><\/p>\n<p>Isaiah reminds us of God\u2019s faithful love for his people that remains constant and unchanged during the dramatic period of exile. Even though the promises made to Abraham seem unattainable and the covenant seems to be in crisis, the people of Israel are in the privileged position of continuing to experience God\u2019s presence in history.<\/p>\n<p>The prophetic book addresses existential questions that are still fundamental today: who determines the unfolding of history? Who determines its meaning? We can ask these questions on a personal level too. Who holds my fate in their hands? What is the meaning of what I am experiencing now or have experienced in the past?<\/p>\n<p style=\"text-align: center;\"><strong>&#8220;See, I am doing a new thing! Now it springs up; do you not perceive it?&#8221;<\/strong><\/p>\n<p>God is working in each person\u2019s life and is constantly, doing \u2018new things.\u2019 If we do not always notice or can understand their meaning and scope, it is because they are still springing up or because we are not ready to recognize what he is creating. Perhaps we do not pause long enough to observe these tiny shoots of life that are a certain sign of his presence because we are distracted by all that is happening around us or because thousands of thoughts and worries invade our souls and weigh us down. Nonetheless, he never forsakes us and is continually creating and recreating our lives.<\/p>\n<p>\u201cWe are the \u2018new thing,\u2019 the \u2018new creation\u2019 that God has generated\u2026 We no longer look back to the past and sometimes regret what has happened to us or\u00a0 mourn our mistakes: we strongly believe in the action of God who can continue to work new things.\u201d<a href=\"https:\/\/www.focolare.org\/gb\/april-2025-word-of-life-2-2-2-2\/#_edn1\" name=\"_ednref1\">[i]<\/a><\/p>\n<p style=\"text-align: center;\"><strong>&#8220;See, I am doing a new thing! Now it springs up; do you not perceive it?&#8221;<\/strong><\/p>\n<p>We live alongside many other people; they may be members of our community or friends or colleagues at work.\u00a0 Let\u2019s approach them and try to work together without ever losing faith that things will change for the better.<\/p>\n<p>The year 2025 is special because the date of Orthodox Easter coincides with that of other Christian denominations. May this shared celebration of Easter be a testimony to the willingness of the Churches to unceasingly continue to dialogue about the challenges\u00a0 facing humanity and to promote joint action.<\/p>\n<p>Let us\u00a0 prepare to live this Easter season with great joy, faith and hope. Christ rose from the dead so, although we may \u2018cross through the desert\u2019, let us continue to be accompanied on our journey by the One who guides both history and our personal lives.<\/p>\n<p style=\"text-align: right;\"><em>by Patrizia Mazzola and the Word of Life Team<\/em><\/p>\n<p><a href=\"https:\/\/www.focolare.org\/gb\/april-2025-word-of-life-2-2-2-2\/#_ednref1\" name=\"_edn1\">[i]<\/a> C Lubich, Word of Life, March 2004<\/p>\n<hr \/>\n<p><iframe loading=\"lazy\" title=\"April Word of Life by Word of Life\" width=\"1320\" height=\"400\" scrolling=\"no\" frameborder=\"no\" src=\"https:\/\/w.soundcloud.com\/player\/?visual=true&#038;url=https%3A%2F%2Fapi.soundcloud.com%2Ftracks%2F2065741584&#038;show_artwork=true&#038;maxheight=1000&#038;maxwidth=1320\"><\/iframe><\/p>\n<\/div>\n<p><\/p>","protected":false},"excerpt":{"rendered":"<p>&#8220;See, I am doing a new thing! Now it springs up; do you not perceive it?&#8221; (Is.43:19).<\/p>\n","protected":false},"author":2,"featured_media":159798,"comment_status":"open","ping_status":"open","sticky":false,"template":"","format":"standard","meta":{"footnotes":""},"categories":[6],"tags":[10],"class_list":["post-159795","post","type-post","status-publish","format-standard","has-post-thumbnail","hentry","category-kelma-tal-hajja","tag-word-of-life"],"yoast_head":"<!-- This site is optimized with the Yoast SEO plugin v27.4 - https:\/\/yoast.com\/product\/yoast-seo-wordpress\/ -->\n<title>April 2025 Word of Life   - Focolare Movement<\/title>\n<meta name=\"robots\" content=\"index, follow, max-snippet:-1, max-image-preview:large, max-video-preview:-1\" \/>\n<link rel=\"canonical\" href=\"https:\/\/focolaremalta.org\/kelma-tal-hajja-ta-april-2025\/\" \/>\n<meta property=\"og:locale\" content=\"en_US\" \/>\n<meta property=\"og:type\" content=\"article\" \/>\n<meta property=\"og:title\" content=\"[:mt]Kelma tal-\u0126ajja ta&#039; April 2025[:en]April 2025 Word of Life  [:] - Focolare Movement\" \/>\n<meta property=\"og:description\" content=\"[:mt]\u201cArawni, sejjer nag\u0127mel \u0127a\u0121a \u0121dida: fe\u0121\u0121et issa; g\u0127adkom ma ttendejtux?\u201d (Is 43, 19).[:en]&quot;See, I am doing a new thing! Now it springs up; do you not perceive it?&quot; (Is.43:19).[:]\" \/>\n<meta property=\"og:url\" content=\"https:\/\/focolaremalta.org\/kelma-tal-hajja-ta-april-2025\/\" \/>\n<meta property=\"og:site_name\" content=\"Focolare Movement\" \/>\n<meta property=\"article:publisher\" content=\"https:\/\/www.facebook.com\/focolaremalta\/\" \/>\n<meta property=\"article:published_time\" content=\"2025-03-31T15:35:11+00:00\" \/>\n<meta property=\"article:modified_time\" content=\"2025-05-03T20:30:20+00:00\" \/>\n<meta property=\"og:image\" content=\"https:\/\/focolaremalta.org\/wp-content\/uploads\/2025\/03\/flowers-6666485_640.jpg\" \/>\n\t<meta property=\"og:image:width\" content=\"640\" \/>\n\t<meta property=\"og:image:height\" content=\"427\" \/>\n\t<meta property=\"og:image:type\" content=\"image\/jpeg\" \/>\n<meta name=\"author\" content=\"Website Editor\" \/>\n<meta name=\"twitter:card\" content=\"summary_large_image\" \/>\n<meta name=\"twitter:label1\" content=\"Written by\" \/>\n\t<meta name=\"twitter:data1\" content=\"Website Editor\" \/>\n\t<meta name=\"twitter:label2\" content=\"Est. reading time\" \/>\n\t<meta name=\"twitter:data2\" content=\"3 minutes\" \/>\n<script type=\"application\/ld+json\" class=\"yoast-schema-graph\">{\"@context\":\"https:\\\/\\\/schema.org\",\"@graph\":[{\"@type\":[\"Article\",\"BlogPosting\"],\"@id\":\"https:\\\/\\\/focolaremalta.org\\\/kelma-tal-hajja-ta-april-2025\\\/#article\",\"isPartOf\":{\"@id\":\"https:\\\/\\\/focolaremalta.org\\\/kelma-tal-hajja-ta-april-2025\\\/\"},\"author\":{\"name\":\"Website Editor\",\"@id\":\"https:\\\/\\\/focolaremalta.org\\\/#\\\/schema\\\/person\\\/242808adc6f36906557ad819553e0a3f\"},\"headline\":\"April 2025 Word of Life\",\"datePublished\":\"2025-03-31T15:35:11+00:00\",\"dateModified\":\"2025-05-03T20:30:20+00:00\",\"mainEntityOfPage\":{\"@id\":\"https:\\\/\\\/focolaremalta.org\\\/kelma-tal-hajja-ta-april-2025\\\/\"},\"wordCount\":1286,\"commentCount\":0,\"publisher\":{\"@id\":\"https:\\\/\\\/focolaremalta.org\\\/#organization\"},\"image\":{\"@id\":\"https:\\\/\\\/focolaremalta.org\\\/kelma-tal-hajja-ta-april-2025\\\/#primaryimage\"},\"thumbnailUrl\":\"https:\\\/\\\/focolaremalta.org\\\/wp-content\\\/uploads\\\/2025\\\/03\\\/flowers-6666485_640.jpg\",\"keywords\":[\"Word of life\"],\"articleSection\":[\"Word of Life\"],\"inLanguage\":\"en-US\",\"potentialAction\":[{\"@type\":\"CommentAction\",\"name\":\"Comment\",\"target\":[\"https:\\\/\\\/focolaremalta.org\\\/kelma-tal-hajja-ta-april-2025\\\/#respond\"]}]},{\"@type\":\"WebPage\",\"@id\":\"https:\\\/\\\/focolaremalta.org\\\/kelma-tal-hajja-ta-april-2025\\\/\",\"url\":\"https:\\\/\\\/focolaremalta.org\\\/kelma-tal-hajja-ta-april-2025\\\/\",\"name\":\"[:mt]Kelma tal-\u0126ajja ta' April 2025[:en]April 2025 Word of Life [:] - Focolare Movement\",\"isPartOf\":{\"@id\":\"https:\\\/\\\/focolaremalta.org\\\/#website\"},\"primaryImageOfPage\":{\"@id\":\"https:\\\/\\\/focolaremalta.org\\\/kelma-tal-hajja-ta-april-2025\\\/#primaryimage\"},\"image\":{\"@id\":\"https:\\\/\\\/focolaremalta.org\\\/kelma-tal-hajja-ta-april-2025\\\/#primaryimage\"},\"thumbnailUrl\":\"https:\\\/\\\/focolaremalta.org\\\/wp-content\\\/uploads\\\/2025\\\/03\\\/flowers-6666485_640.jpg\",\"datePublished\":\"2025-03-31T15:35:11+00:00\",\"dateModified\":\"2025-05-03T20:30:20+00:00\",\"breadcrumb\":{\"@id\":\"https:\\\/\\\/focolaremalta.org\\\/kelma-tal-hajja-ta-april-2025\\\/#breadcrumb\"},\"inLanguage\":\"en-US\",\"potentialAction\":[{\"@type\":\"ReadAction\",\"target\":[\"https:\\\/\\\/focolaremalta.org\\\/kelma-tal-hajja-ta-april-2025\\\/\"]}]},{\"@type\":\"ImageObject\",\"inLanguage\":\"en-US\",\"@id\":\"https:\\\/\\\/focolaremalta.org\\\/kelma-tal-hajja-ta-april-2025\\\/#primaryimage\",\"url\":\"https:\\\/\\\/focolaremalta.org\\\/wp-content\\\/uploads\\\/2025\\\/03\\\/flowers-6666485_640.jpg\",\"contentUrl\":\"https:\\\/\\\/focolaremalta.org\\\/wp-content\\\/uploads\\\/2025\\\/03\\\/flowers-6666485_640.jpg\",\"width\":640,\"height\":427},{\"@type\":\"BreadcrumbList\",\"@id\":\"https:\\\/\\\/focolaremalta.org\\\/kelma-tal-hajja-ta-april-2025\\\/#breadcrumb\",\"itemListElement\":[{\"@type\":\"ListItem\",\"position\":1,\"name\":\"Home\",\"item\":\"https:\\\/\\\/focolaremalta.org\\\/\"},{\"@type\":\"ListItem\",\"position\":2,\"name\":\"Kelma tal-\u0126ajja ta&#8217; April 2025\"}]},{\"@type\":\"WebSite\",\"@id\":\"https:\\\/\\\/focolaremalta.org\\\/#website\",\"url\":\"https:\\\/\\\/focolaremalta.org\\\/\",\"name\":\"Moviment tal-Fokolari\",\"description\":\"\",\"publisher\":{\"@id\":\"https:\\\/\\\/focolaremalta.org\\\/#organization\"},\"potentialAction\":[{\"@type\":\"SearchAction\",\"target\":{\"@type\":\"EntryPoint\",\"urlTemplate\":\"https:\\\/\\\/focolaremalta.org\\\/?s={search_term_string}\"},\"query-input\":{\"@type\":\"PropertyValueSpecification\",\"valueRequired\":true,\"valueName\":\"search_term_string\"}}],\"inLanguage\":\"en-US\"},{\"@type\":\"Organization\",\"@id\":\"https:\\\/\\\/focolaremalta.org\\\/#organization\",\"name\":\"Focolare Movement Malta\",\"url\":\"https:\\\/\\\/focolaremalta.org\\\/\",\"logo\":{\"@type\":\"ImageObject\",\"inLanguage\":\"en-US\",\"@id\":\"https:\\\/\\\/focolaremalta.org\\\/#\\\/schema\\\/logo\\\/image\\\/\",\"url\":\"https:\\\/\\\/focolaremalta.org\\\/wp-content\\\/uploads\\\/2022\\\/11\\\/cropped-FocolareMalta_logo_c.png\",\"contentUrl\":\"https:\\\/\\\/focolaremalta.org\\\/wp-content\\\/uploads\\\/2022\\\/11\\\/cropped-FocolareMalta_logo_c.png\",\"width\":266,\"height\":200,\"caption\":\"Focolare Movement Malta\"},\"image\":{\"@id\":\"https:\\\/\\\/focolaremalta.org\\\/#\\\/schema\\\/logo\\\/image\\\/\"},\"sameAs\":[\"https:\\\/\\\/www.facebook.com\\\/focolaremalta\\\/\"]},{\"@type\":\"Person\",\"@id\":\"https:\\\/\\\/focolaremalta.org\\\/#\\\/schema\\\/person\\\/242808adc6f36906557ad819553e0a3f\",\"name\":\"Website Editor\",\"image\":{\"@type\":\"ImageObject\",\"inLanguage\":\"en-US\",\"@id\":\"https:\\\/\\\/secure.gravatar.com\\\/avatar\\\/de6beef1e3091882b63ee0f05f6f74a118b39990b540cb07ab6fea85bcfa0d39?s=96&d=blank&r=g\",\"url\":\"https:\\\/\\\/secure.gravatar.com\\\/avatar\\\/de6beef1e3091882b63ee0f05f6f74a118b39990b540cb07ab6fea85bcfa0d39?s=96&d=blank&r=g\",\"contentUrl\":\"https:\\\/\\\/secure.gravatar.com\\\/avatar\\\/de6beef1e3091882b63ee0f05f6f74a118b39990b540cb07ab6fea85bcfa0d39?s=96&d=blank&r=g\",\"caption\":\"Website Editor\"}}]}<\/script>\n<!-- \/ Yoast SEO plugin. -->","yoast_head_json":{"title":"[:mt]Kelma tal-\u0126ajja ta' April 2025[:en]April 2025 Word of Life  [:] - Focolare Movement","robots":{"index":"index","follow":"follow","max-snippet":"max-snippet:-1","max-image-preview":"max-image-preview:large","max-video-preview":"max-video-preview:-1"},"canonical":"https:\/\/focolaremalta.org\/kelma-tal-hajja-ta-april-2025\/","og_locale":"en_US","og_type":"article","og_title":"[:mt]Kelma tal-\u0126ajja ta' April 2025[:en]April 2025 Word of Life  [:] - Focolare Movement","og_description":"[:mt]\u201cArawni, sejjer nag\u0127mel \u0127a\u0121a \u0121dida: fe\u0121\u0121et issa; g\u0127adkom ma ttendejtux?\u201d (Is 43, 19).[:en]\"See, I am doing a new thing! Now it springs up; do you not perceive it?\" (Is.43:19).[:]","og_url":"https:\/\/focolaremalta.org\/kelma-tal-hajja-ta-april-2025\/","og_site_name":"Focolare Movement","article_publisher":"https:\/\/www.facebook.com\/focolaremalta\/","article_published_time":"2025-03-31T15:35:11+00:00","article_modified_time":"2025-05-03T20:30:20+00:00","og_image":[{"width":640,"height":427,"url":"https:\/\/focolaremalta.org\/wp-content\/uploads\/2025\/03\/flowers-6666485_640.jpg","type":"image\/jpeg"}],"author":"Website Editor","twitter_card":"summary_large_image","twitter_misc":{"Written by":"Website Editor","Est. reading time":"3 minutes"},"schema":{"@context":"https:\/\/schema.org","@graph":[{"@type":["Article","BlogPosting"],"@id":"https:\/\/focolaremalta.org\/kelma-tal-hajja-ta-april-2025\/#article","isPartOf":{"@id":"https:\/\/focolaremalta.org\/kelma-tal-hajja-ta-april-2025\/"},"author":{"name":"Website Editor","@id":"https:\/\/focolaremalta.org\/#\/schema\/person\/242808adc6f36906557ad819553e0a3f"},"headline":"April 2025 Word of Life","datePublished":"2025-03-31T15:35:11+00:00","dateModified":"2025-05-03T20:30:20+00:00","mainEntityOfPage":{"@id":"https:\/\/focolaremalta.org\/kelma-tal-hajja-ta-april-2025\/"},"wordCount":1286,"commentCount":0,"publisher":{"@id":"https:\/\/focolaremalta.org\/#organization"},"image":{"@id":"https:\/\/focolaremalta.org\/kelma-tal-hajja-ta-april-2025\/#primaryimage"},"thumbnailUrl":"https:\/\/focolaremalta.org\/wp-content\/uploads\/2025\/03\/flowers-6666485_640.jpg","keywords":["Word of life"],"articleSection":["Word of Life"],"inLanguage":"en-US","potentialAction":[{"@type":"CommentAction","name":"Comment","target":["https:\/\/focolaremalta.org\/kelma-tal-hajja-ta-april-2025\/#respond"]}]},{"@type":"WebPage","@id":"https:\/\/focolaremalta.org\/kelma-tal-hajja-ta-april-2025\/","url":"https:\/\/focolaremalta.org\/kelma-tal-hajja-ta-april-2025\/","name":"[:mt]Kelma tal-\u0126ajja ta' April 2025[:en]April 2025 Word of Life [:] - Focolare Movement","isPartOf":{"@id":"https:\/\/focolaremalta.org\/#website"},"primaryImageOfPage":{"@id":"https:\/\/focolaremalta.org\/kelma-tal-hajja-ta-april-2025\/#primaryimage"},"image":{"@id":"https:\/\/focolaremalta.org\/kelma-tal-hajja-ta-april-2025\/#primaryimage"},"thumbnailUrl":"https:\/\/focolaremalta.org\/wp-content\/uploads\/2025\/03\/flowers-6666485_640.jpg","datePublished":"2025-03-31T15:35:11+00:00","dateModified":"2025-05-03T20:30:20+00:00","breadcrumb":{"@id":"https:\/\/focolaremalta.org\/kelma-tal-hajja-ta-april-2025\/#breadcrumb"},"inLanguage":"en-US","potentialAction":[{"@type":"ReadAction","target":["https:\/\/focolaremalta.org\/kelma-tal-hajja-ta-april-2025\/"]}]},{"@type":"ImageObject","inLanguage":"en-US","@id":"https:\/\/focolaremalta.org\/kelma-tal-hajja-ta-april-2025\/#primaryimage","url":"https:\/\/focolaremalta.org\/wp-content\/uploads\/2025\/03\/flowers-6666485_640.jpg","contentUrl":"https:\/\/focolaremalta.org\/wp-content\/uploads\/2025\/03\/flowers-6666485_640.jpg","width":640,"height":427},{"@type":"BreadcrumbList","@id":"https:\/\/focolaremalta.org\/kelma-tal-hajja-ta-april-2025\/#breadcrumb","itemListElement":[{"@type":"ListItem","position":1,"name":"Home","item":"https:\/\/focolaremalta.org\/"},{"@type":"ListItem","position":2,"name":"Kelma tal-\u0126ajja ta&#8217; April 2025"}]},{"@type":"WebSite","@id":"https:\/\/focolaremalta.org\/#website","url":"https:\/\/focolaremalta.org\/","name":"Moviment tal-Fokolari","description":"","publisher":{"@id":"https:\/\/focolaremalta.org\/#organization"},"potentialAction":[{"@type":"SearchAction","target":{"@type":"EntryPoint","urlTemplate":"https:\/\/focolaremalta.org\/?s={search_term_string}"},"query-input":{"@type":"PropertyValueSpecification","valueRequired":true,"valueName":"search_term_string"}}],"inLanguage":"en-US"},{"@type":"Organization","@id":"https:\/\/focolaremalta.org\/#organization","name":"Focolare Movement Malta","url":"https:\/\/focolaremalta.org\/","logo":{"@type":"ImageObject","inLanguage":"en-US","@id":"https:\/\/focolaremalta.org\/#\/schema\/logo\/image\/","url":"https:\/\/focolaremalta.org\/wp-content\/uploads\/2022\/11\/cropped-FocolareMalta_logo_c.png","contentUrl":"https:\/\/focolaremalta.org\/wp-content\/uploads\/2022\/11\/cropped-FocolareMalta_logo_c.png","width":266,"height":200,"caption":"Focolare Movement Malta"},"image":{"@id":"https:\/\/focolaremalta.org\/#\/schema\/logo\/image\/"},"sameAs":["https:\/\/www.facebook.com\/focolaremalta\/"]},{"@type":"Person","@id":"https:\/\/focolaremalta.org\/#\/schema\/person\/242808adc6f36906557ad819553e0a3f","name":"Website Editor","image":{"@type":"ImageObject","inLanguage":"en-US","@id":"https:\/\/secure.gravatar.com\/avatar\/de6beef1e3091882b63ee0f05f6f74a118b39990b540cb07ab6fea85bcfa0d39?s=96&d=blank&r=g","url":"https:\/\/secure.gravatar.com\/avatar\/de6beef1e3091882b63ee0f05f6f74a118b39990b540cb07ab6fea85bcfa0d39?s=96&d=blank&r=g","contentUrl":"https:\/\/secure.gravatar.com\/avatar\/de6beef1e3091882b63ee0f05f6f74a118b39990b540cb07ab6fea85bcfa0d39?s=96&d=blank&r=g","caption":"Website Editor"}}]}},"_links":{"self":[{"href":"https:\/\/focolaremalta.org\/en\/wp-json\/wp\/v2\/posts\/159795","targetHints":{"allow":["GET"]}}],"collection":[{"href":"https:\/\/focolaremalta.org\/en\/wp-json\/wp\/v2\/posts"}],"about":[{"href":"https:\/\/focolaremalta.org\/en\/wp-json\/wp\/v2\/types\/post"}],"author":[{"embeddable":true,"href":"https:\/\/focolaremalta.org\/en\/wp-json\/wp\/v2\/users\/2"}],"replies":[{"embeddable":true,"href":"https:\/\/focolaremalta.org\/en\/wp-json\/wp\/v2\/comments?post=159795"}],"version-history":[{"count":3,"href":"https:\/\/focolaremalta.org\/en\/wp-json\/wp\/v2\/posts\/159795\/revisions"}],"predecessor-version":[{"id":159801,"href":"https:\/\/focolaremalta.org\/en\/wp-json\/wp\/v2\/posts\/159795\/revisions\/159801"}],"wp:featuredmedia":[{"embeddable":true,"href":"https:\/\/focolaremalta.org\/en\/wp-json\/wp\/v2\/media\/159798"}],"wp:attachment":[{"href":"https:\/\/focolaremalta.org\/en\/wp-json\/wp\/v2\/media?parent=159795"}],"wp:term":[{"taxonomy":"category","embeddable":true,"href":"https:\/\/focolaremalta.org\/en\/wp-json\/wp\/v2\/categories?post=159795"},{"taxonomy":"post_tag","embeddable":true,"href":"https:\/\/focolaremalta.org\/en\/wp-json\/wp\/v2\/tags?post=159795"}],"curies":[{"name":"wp","href":"https:\/\/api.w.org\/{rel}","templated":true}]}}